{"id":1661,"date":"2014-10-08T09:56:03","date_gmt":"2014-10-08T09:56:03","guid":{"rendered":"http:\/\/benvenutaitalia.agortech.com\/economia-crescita-e-politica-estera\/"},"modified":"2022-02-01T20:29:13","modified_gmt":"2022-02-01T20:29:13","slug":"economia-crescita-e-politica-estera","status":"publish","type":"post","link":"https:\/\/www.benvenutaitalia.com\/it\/1661-economia-crescita-e-politica-estera\/","title":{"rendered":"Economia, Crescita e Politica Estera"},"content":{"rendered":"<div style=\"text-align: justify;\">\nCrescita e occupazione, spazio di libert\u00e0 e sicurezza per un pieno esercizio dei diritti di cittadinanza e un ruolo pi\u00f9 forte dell&#8217;Europa nel mondo saranno i capisaldi del nostro programma di Presidenza.<\/p>\n<p>Un\u2019Europa per il lavoro e la crescita economica<br \/>\nDal miglioramento delle prospettive di crescita ed occupazione        dipende gran parte del futuro del processo di integrazione europea.          La Presidenza italiana si impegner\u00e0 a fare della crescita e dell\u2019occupazione una costante delle politiche europee e a definire          un quadro economico che incoraggi le riforme strutturali negli Stati membri. L\u2019economia reale, \u201cil rinascimento industriale\u201d, con un particolare focus sulle PMI, e le politiche in materia di clima ed energia per il 2030 dovranno essere al centro delle iniziative per una maggiore crescita. La Presidenza italiana lavorer\u00e0 per approfondire l\u2019Unione Economica e Monetaria e colmare il grave \u201cspread\u201d sociale presente nelle societ\u00e0 europee, finanziare la crescita per sostenere gli investimenti in settori chiave per il futuro dei nostri figli come la protezione ambientale, le infrastrutture e i servizi digitali. La Presidenza italiana prester\u00e0 particolare attenzione ai temi dello sviluppo sostenibile anche attraverso la creazione di sinergie positive con EXPO Milano 2015, il cui tema centrale \u00e8 \u201cNutrire il Pianeta. Energia per la Vita\u201d.<\/p>\n<p>Un\u2019Europa pi\u00f9 vicina ai cittadini: uno spazio di democrazia, diritti e libert\u00e0<br \/>\nEssere cittadini europei oggi vuole dire rimuovere ostacoli e procedure che svuotano il senso di una cittadinanza attiva e ingenerano frustrazione. Accountability, digitalizzazione, trasparenza e meno burocrazia: sono queste le risposte a chi chiede un\u2019Europa pi\u00f9 vicina alle esigenze dei cittadini. Resta cruciale assicurare il buon funzionamento e la leale cooperazione tra le Istituzioni europee per metterle in grado di agire in maniera rapida ed efficace. La Presidenza italiana promuover\u00e0 un ruolo pi\u00f9 attivo dell\u2019Unione nei settori in cui l\u2019iniziativa europea crea valore aggiunto, come ad esempio nella tutela dei diritti fondamentali e nelle politiche di asilo e migratorie. In tale contesto, la Presidenza italiana intende lavorare per sviluppare un\u2019autentica solidariet\u00e0 a livello europeo e promuovere una politica migratoria europea.<\/p>\n<p>Cambiare marcia alla politica estera dell\u2019Europa<br \/>\nLe Primavere arabe e la crisi ucraina ci dicono che l\u2019Europa non pu\u00f2 disinteressarsi alle vicende storiche che avvengono ai propri confini. L\u2019Italia sosterr\u00e0 un\u2019azione esterna dell\u2019Unione che sia credibile, coerente e dotata degli strumenti necessari per affrontare le sfide globali e regionali. Il Mediterraneo \u00e8 uno spazio vitale per l\u2019Europa. L\u2019emergenza migratoria impone all\u2019Europa l\u2019adozione di strumenti e di politiche comuni in grado di fronteggiare un fenomeno epocale. Guardando          ai Paesi ai nostri confini, l\u2019allargamento resta una priorit\u00e0 strategica             per la Presidenza italiana. Sar\u00e0 quindi incoraggiato il perseguimento       dei negoziati di adesione con i Balcani Occidentali e si lavorer\u00e0 per            dare nuovo vigore ai negoziati con la Turchia. Per l\u2019azione esterna dell\u2019Unione, la Politica di Vicinato \u00e8 uno strumento imprescindibile che occorre utilizzare con un approccio globale, coerente e coordinato con tutte le politiche UE da Sud a Est. Pi\u00f9 in generale, la Presidenza sosterr\u00e0 negoziati bilaterali commerciali e sugli investimenti con i partner strategici e le economie emergenti, come quelle asiatiche che saranno           al centro del vertice ASEM del 16-17 ottobre.\n<\/p><\/div>\n\n\t\t<style type=\"text\/css\">\n\t\t\t#gallery-1 {\n\t\t\t\tmargin: auto;\n\t\t\t}\n\t\t\t#gallery-1 .gallery-item {\n\t\t\t\tfloat: left;\n\t\t\t\tmargin-top: 10px;\n\t\t\t\ttext-align: center;\n\t\t\t\twidth: 25%;\n\t\t\t}\n\t\t\t#gallery-1 img {\n\t\t\t\tborder: 2px solid #cfcfcf;\n\t\t\t}\n\t\t\t#gallery-1 .gallery-caption {\n\t\t\t\tmargin-left: 0;\n\t\t\t}\n\t\t\t\/* see gallery_shortcode() in wp-includes\/media.php *\/\n\t\t<\/style>\n\t\t<div id='gallery-1' class='gallery galleryid-1661 gallery-columns-4 gallery-size-thumbnail'><dl class='gallery-item'>\n\t\t\t<dt class='gallery-icon landscape'>\n\t\t\t\t<a href='https:\/\/www.benvenutaitalia.com\/it\/sheehan-mannarino-web-jpg-2\/'><img width=\"150\" height=\"150\" src=\"https:\/\/www.benvenutaitalia.com\/wp-content\/uploads\/2022\/02\/sheehan-mannarino-web-150x150.jpg\" class=\"attachment-thumbnail size-thumbnail\" alt=\"\" loading=\"lazy\" \/><\/a>\n\t\t\t<\/dt><\/dl><dl class='gallery-item'>\n\t\t\t<dt class='gallery-icon landscape'>\n\t\t\t\t<a href='https:\/\/www.benvenutaitalia.com\/it\/676x3207-jpg-2\/'><img width=\"150\" height=\"150\" src=\"https:\/\/www.benvenutaitalia.com\/wp-content\/uploads\/2022\/02\/676x3207-150x150.jpg\" class=\"attachment-thumbnail size-thumbnail\" alt=\"\" loading=\"lazy\" \/><\/a>\n\t\t\t<\/dt><\/dl><dl class='gallery-item'>\n\t\t\t<dt class='gallery-icon landscape'>\n\t\t\t\t<a href='https:\/\/www.benvenutaitalia.com\/it\/img-20190712-wa0000-jpg-2\/'><img width=\"150\" height=\"150\" src=\"https:\/\/www.benvenutaitalia.com\/wp-content\/uploads\/2022\/02\/img-20190712-wa0000-150x150.jpg\" class=\"attachment-thumbnail size-thumbnail\" alt=\"\" loading=\"lazy\" \/><\/a>\n\t\t\t<\/dt><\/dl>\n\t\t\t<br style='clear: both' \/>\n\t\t<\/div>\n\n","protected":false},"excerpt":{"rendered":"<p>Crescita e occupazione, spazio di libert\u00e0 e sicurezza per un pieno esercizio dei diritti di cittadinanza e un ruolo pi\u00f9 forte dell&#8217;Europa nel mondo saranno i capisaldi del nostro programma di Presidenza.<\/p>\n","protected":false},"author":1,"featured_media":2079,"comment_status":"closed","ping_status":"closed","sticky":false,"template":"","format":"standard","meta":[],"categories":[64,64,74,69,69,70,70,74],"tags":[],"_links":{"self":[{"href":"https:\/\/www.benvenutaitalia.com\/it\/wp-json\/wp\/v2\/posts\/1661"}],"collection":[{"href":"https:\/\/www.benvenutaitalia.com\/it\/wp-json\/wp\/v2\/posts"}],"about":[{"href":"https:\/\/www.benvenutaitalia.com\/it\/wp-json\/wp\/v2\/types\/post"}],"author":[{"embeddable":true,"href":"https:\/\/www.benvenutaitalia.com\/it\/wp-json\/wp\/v2\/users\/1"}],"replies":[{"embeddable":true,"href":"https:\/\/www.benvenutaitalia.com\/it\/wp-json\/wp\/v2\/comments?post=1661"}],"version-history":[{"count":1,"href":"https:\/\/www.benvenutaitalia.com\/it\/wp-json\/wp\/v2\/posts\/1661\/revisions"}],"predecessor-version":[{"id":2082,"href":"https:\/\/www.benvenutaitalia.com\/it\/wp-json\/wp\/v2\/posts\/1661\/revisions\/2082"}],"wp:featuredmedia":[{"embeddable":true,"href":"https:\/\/www.benvenutaitalia.com\/it\/wp-json\/wp\/v2\/media\/2079"}],"wp:attachment":[{"href":"https:\/\/www.benvenutaitalia.com\/it\/wp-json\/wp\/v2\/media?parent=1661"}],"wp:term":[{"taxonomy":"category","embeddable":true,"href":"https:\/\/www.benvenutaitalia.com\/it\/wp-json\/wp\/v2\/categories?post=1661"},{"taxonomy":"post_tag","embeddable":true,"href":"https:\/\/www.benvenutaitalia.com\/it\/wp-json\/wp\/v2\/tags?post=1661"}],"curies":[{"name":"wp","href":"https:\/\/api.w.org\/{rel}","templated":true}]}}