{"id":1701,"date":"2016-09-28T10:08:33","date_gmt":"2016-09-28T10:08:33","guid":{"rendered":"http:\/\/benvenutaitalia.agortech.com\/armando-varricchio-ambasciatore-ditalia-a-washington\/"},"modified":"2022-02-01T20:32:11","modified_gmt":"2022-02-01T20:32:11","slug":"armando-varricchio-ambasciatore-ditalia-a-washington","status":"publish","type":"post","link":"https:\/\/www.benvenutaitalia.com\/it\/1701-armando-varricchio-ambasciatore-ditalia-a-washington\/","title":{"rendered":"Armando Varricchio &#8211; Ambasciatore d\u2019Italia a Washington"},"content":{"rendered":"<p style=\"text-align: justify;\">Armando Varricchio nasce a Venezia il 13 giugno del 1961. Conseguita la Maturit\u00e0 Classica presso il Liceo Pigafetta di Vicenza, assolve gli obblighi di leva nell\u2019Arma dei Carabinieri e si laurea a Padova in Scienze Politiche &#8211; Indirizzo Internazionale &#8211; con 110\/110 e lode. Dopo un\u2019esperienza professionale nel settore finanza del Gruppo Marzotto, intraprende la Carriera Diplomatica. Dal maggio 1988 \u00e8 Secondo Segretario all\u2019Ambasciata a Budapest nella fase storica di dissoluzione del blocco socialista. Dall\u2019ottobre 1992 \u00e8 Primo Segretario alla Rappresentanza Permanente presso le Comunit\u00e0 Europee a Bruxelles. Coordina le attivit\u00e0 dei Consigli Affari Esteri, Ecofin, Giustizia e Affari Interni ed \u00e8 membro delle delegazioni italiane ai Vertici dei Capi di Stato e di Governo. Dal settembre 1996 \u00e8 Consigliere presso l\u2019Ufficio Diplomatico del Presidente del Consiglio, ove segue le questioni europee e i rapporti con l\u2019Asia. Nell\u2019ottobre 1998 \u00e8 nominato Capo di Gabinetto del Ministro per le Politiche Europee. Dal settembre 1999 \u00e8 Consigliere Diplomatico del Presidente della Commissione Europea e Rappresentante Personale (Sherpa) ai Vertici del G7\/G8 di Okinawa, Genova e Kananaskis. Dall\u2019agosto 2002 \u00e8 Primo Consigliere presso l\u2019Ambasciata a Washington, responsabile per le questioni economiche e commerciali, finanziarie e globali, la cooperazione nel campo scientifico e tecnologico e i rapporti bilaterali nel settore dell\u2019industria aerospaziale e della difesa. Dall\u2019agosto 2006 \u00e8 Consigliere Diplomatico Aggiunto del Presidente della Repubblica, che assiste in incontri internazionali e visite all\u2019estero. Nel gennaio 2007 \u00e8 nominato Ministro Plenipotenziario. Dal giugno 2009 \u00e8 Ambasciatore d\u2019Italia a Belgrado, in una fase di forte intensificazione dei rapporti bilaterali culminata con la firma dell\u2019Accordo sul Partenariato Strategico che istituisce Vertici Intergovernativi tra l\u2019Italia e la Serbia. Nel dicembre 2012 viene nominato Vice Segretario Generale della Farnesina. Dal maggio 2013 \u00e8 Consigliere Diplomatico del Presidente del Consiglio dei Ministri e Rappresentate personale (sherpa) ai Vertici del G7 di Bruxelles e Elmau e del G20 di Brisbane e Antalja. Da gennaio 2014 ricopre il grado di Ambasciatore. Grande Ufficiale dell\u2019Ordine al Merito della \u00a0Repubblica, \u00e8 insignito di numerose onorificenze di Stati esteri. Dal 7 marzo 2016 \u00e8 Ambasciatore d\u2019Italia a Washington. Sposato con Micaela Barbagallo, \u00e8 padre di Federico e Umberto.<\/p>\n<p style=\"text-align: justify;\">Sono particolarmente lieto, dopo alcuni mesi dall\u2019inizio della mia missione alla guida dell\u2019Ambasciata d\u2019Italia negli Stati Uniti, di poter rinnovare il saluto pi\u00f9 affettuoso ai connazionali, ai rappresentanti eletti negli Stati Uniti, alla comunit\u00e0 di origine italiana, a quanti si riconoscono idealmente e culturalmente nell\u2019Italia ed a tutti i cittadini di questo grande Paese che ci ospita. Grazie a voi lo storico rapporto tra i nostri popoli \u00e8 pi\u00f9 vivo che mai. L\u2019Italia e gli Stati Uniti sono Paesi che basano la loro forte amicizia e la loro solida alleanza su una profonda comunanza di valori. Condividiamo l\u2019impegno a promuovere un futuro di prosperit\u00e0 e di pace, basato sul rispetto dei diritti dell\u2019uomo e delle libert\u00e0 fondamentali. A tal fine collaboriamo in maniera strettissima nei campi della sicurezza internazionale, della tutela dei diritti umani e dell\u2019eguaglianza di genere, della promozione della crescita economica, dell\u2019apertura dei mercati e della protezione dell\u2019ambiente e nel sostegno all\u2019azione delle Nazioni Unite. Siamo impegnati fianco a fianco nelle principali aree di crisi: dall\u2019Afghanistan, dove l\u2019Italia \u00e8 presente con un contingente che opera in una vasta area del Paese, alla coalizione contro ISIL nella quale il nostro Paese svolge sin dall\u2019inizio un ruolo di primissimo piano in particolare nell\u2019addestramento di forze locali e con la protezione della diga di Mosul. Il rapporto tra i nostri due Paesi \u00e8, in tutti i campi, di costante consultazione sul piano bilaterale e nei fori internazionali dei quali siamo parte, a cominciare dell\u2019Alleanza Atlantica ed il G7, che l\u2019Italia presieder\u00e0 il prossimo anno. In questo quadro di eccellenti relazioni svolgono un ruolo centrale i rapporti economici e commerciali. Non si tratta solo del commercio di beni e servizi, ma di una vera e propria condivisione di cultura, tecnologie ed innovazione e di reciproci investimenti che rendono pi\u00f9 forti i rispettivi tessuti industriali. L\u2019ottimo andamento delle esportazioni italiane verso gli Stati Uniti \u00e8 la pi\u00f9 palese e diretta testimonianza del grande apprezzamento che l\u2019America da sempre riserva a tutto quello che \u00e8 Made in Italy. La storica alleanza tra nostri Paesi si rinnova ogni giorno e si arricchisce di sempre nuovi contenuti nei campi della cultura e dell\u2019innovazione e nei settori tecnologicamente pi\u00f9 avanzati. Basti pensare al consistente contributo che l\u2019Italia ha dato e continua a dare alle missioni spaziali per capire quanto il nostro Paese sia considerato come avanguardia a tutti i livelli. La lingua italiana rappresenta uno strumento straordinario per promuovere la conoscenza del nostro ineguagliato patrimonio culturale e di quanto di pi\u00f9 nuovo accade in un Paese proiettato verso il futuro. La sua promozione negli USA \u00e8 una delle principali priorit\u00e0 dell\u2019Ambasciata e della nostra rete consolare anche per soddisfare una sempre crescente domanda di italiano proveniente non solo dai nostri connazionali, ma anche dagli Americani e cittadini di altre nazionalit\u00e0. In tale contesto, vorrei ricordare la grande attenzione che dedichiamo &#8211; anche attraverso l\u2019Osservatorio Nazionale della Lingua Italiana presso l\u2019Ambasciata e gli Osservatori Locali presso i Consolati &#8211; alla diffusione del programma di Advanced Placement (AP) di italiano; alla stipula di Intese con le autorit\u00e0 scolastiche americane che prevedano l\u2019insegnamento dell\u2019italiano, in modo integrato e continuativo nel curricolo, dalle scuole elementari alle medie e superiori; alle iniziative di formazione e aggiornamento per i docenti. Le collettivit\u00e0 italiana e italo-americana hanno da sempre rappresentato una ricchezza. Gli italiani e gli italo-americani negli USA hanno, infatti, assicurato un significativo contributo ai rapporti bilaterali, cos\u00ec come allo sviluppo ed alla crescita degli Stati Uniti. Sono oltre 250.000 i cittadini iscritti all\u2019Anagrafe degli Italiani Residenti all\u2019Estero (AIRE). Accanto agli Italiani di \u201cprima generazione\u201d giunti negli USA nelle diverse \u201condate\u201d del secolo scorso, i flussi di pi\u00f9 recente immigrazione sono costituiti, in gran parte, da giovani molto qualificati in possesso di titoli di studio universitari e superiori. Tra questi, imprenditori che investono negli USA; economisti presso le Istituzioni Finanziarie Internazionali (come FMI, Banca Mondiale e Banca Interamericana di Sviluppo) e la Federal Reserve degli USA; scienziati, professori e ricercatori presso le numerose Universit\u00e0, i think tanks e i prestigiosi centri, come il \u201cNational Institutes of Health\u201d e la NASA. L\u2019Italia \u00e8 un Paese con un\u2019identit\u00e0 culturale antica e molto forte anche in questo Paese cos\u00ec moderno che ci ospita. La nostra cultura \u00e8 la nostra essenza e nel contempo la nostra opportunit\u00e0. Il nostro Ufficio Culturale e gli Istituti Italiani di Cultura svolgono un ruolo fondamentale nel cogliere questa opportunit\u00e0. La musica, l\u2019arte e la moda sono la rappresentazione dell\u2019essenza creativa dell\u2019essere italiani nel mondo. Il 2016 vede l\u2019Italia come Presidente di turno di EUNIC (European Union National Institutes of Culture) e il tema che abbiamo proposto \u00e8 la protezione del patrimonio culturale mondiale, anche attraverso l\u2019innovazione tecnologica. Un\u2019Italia davvero all\u2019avanguardia. \u00c8 per me un grande onore servire il mio Paese negli Stati Uniti. Insieme a tutti i miei collaboratori e alla rete consolare non lesiner\u00f2 gli sforzi per contribuire all\u2019ulteriore rafforzamento dei nostri storici legami. La mia missione sar\u00e0 resa certamente pi\u00f9 facile se tutti voi mi sarete compagni di strada con il vostro sostegno.<\/p>\n\n\t\t<style type=\"text\/css\">\n\t\t\t#gallery-1 {\n\t\t\t\tmargin: auto;\n\t\t\t}\n\t\t\t#gallery-1 .gallery-item {\n\t\t\t\tfloat: left;\n\t\t\t\tmargin-top: 10px;\n\t\t\t\ttext-align: center;\n\t\t\t\twidth: 33%;\n\t\t\t}\n\t\t\t#gallery-1 img {\n\t\t\t\tborder: 2px solid #cfcfcf;\n\t\t\t}\n\t\t\t#gallery-1 .gallery-caption {\n\t\t\t\tmargin-left: 0;\n\t\t\t}\n\t\t\t\/* see gallery_shortcode() in wp-includes\/media.php *\/\n\t\t<\/style>\n\t\t<div id='gallery-1' class='gallery galleryid-1701 gallery-columns-3 gallery-size-thumbnail'><dl class='gallery-item'>\n\t\t\t<dt class='gallery-icon landscape'>\n\t\t\t\t<a href='https:\/\/www.benvenutaitalia.com\/it\/3a4a4404-2\/'><img width=\"150\" height=\"150\" src=\"https:\/\/www.benvenutaitalia.com\/wp-content\/uploads\/2024\/11\/3A4A4404-150x150.jpg\" class=\"attachment-thumbnail size-thumbnail\" alt=\"\" loading=\"lazy\" \/><\/a>\n\t\t\t<\/dt><\/dl><dl class='gallery-item'>\n\t\t\t<dt class='gallery-icon landscape'>\n\t\t\t\t<a href='https:\/\/www.benvenutaitalia.com\/it\/salone-milano-group-photo-1-2\/'><img width=\"150\" height=\"150\" src=\"https:\/\/www.benvenutaitalia.com\/wp-content\/uploads\/2024\/12\/Salone-Milano-Group-Photo-1-150x150.jpg\" class=\"attachment-thumbnail size-thumbnail\" alt=\"\" loading=\"lazy\" \/><\/a>\n\t\t\t<\/dt><\/dl>\n\t\t\t<br style='clear: both' \/>\n\t\t<\/div>\n\n","protected":false},"excerpt":{"rendered":"<p>Armando Varricchio nasce a Venezia il 13 giugno del 1961. Conseguita la Maturit\u00e0 Classica presso il Liceo Pigafetta di Vicenza, assolve gli obblighi di leva nell\u2019Arma dei Carabinieri e si laurea a Padova in Scienze Politiche &#8211; Indirizzo Internazionale &#8211; con 110\/110 e lode. Dopo un\u2019esperienza professionale nel settore finanza del Gruppo Marzotto, intraprende la Carriera Diplomatica. Dal maggio 1988 \u00e8 Secondo Segretario all\u2019Ambasciata a Budapest nella fase storica di dissoluzione del blocco socialista. Dall\u2019ottobre 1992 \u00e8 Primo Segretario alla Rappresentanza Permanente presso le Comunit\u00e0 Europee a Bruxelles. Coordina le attivit\u00e0 dei Consigli Affari Esteri, Ecofin, Giustizia e Affari Interni [&hellip;]<\/p>\n","protected":false},"author":1,"featured_media":2131,"comment_status":"closed","ping_status":"closed","sticky":false,"template":"","format":"standard","meta":[],"categories":[78],"tags":[],"_links":{"self":[{"href":"https:\/\/www.benvenutaitalia.com\/it\/wp-json\/wp\/v2\/posts\/1701"}],"collection":[{"href":"https:\/\/www.benvenutaitalia.com\/it\/wp-json\/wp\/v2\/posts"}],"about":[{"href":"https:\/\/www.benvenutaitalia.com\/it\/wp-json\/wp\/v2\/types\/post"}],"author":[{"embeddable":true,"href":"https:\/\/www.benvenutaitalia.com\/it\/wp-json\/wp\/v2\/users\/1"}],"replies":[{"embeddable":true,"href":"https:\/\/www.benvenutaitalia.com\/it\/wp-json\/wp\/v2\/comments?post=1701"}],"version-history":[{"count":1,"href":"https:\/\/www.benvenutaitalia.com\/it\/wp-json\/wp\/v2\/posts\/1701\/revisions"}],"predecessor-version":[{"id":2134,"href":"https:\/\/www.benvenutaitalia.com\/it\/wp-json\/wp\/v2\/posts\/1701\/revisions\/2134"}],"wp:featuredmedia":[{"embeddable":true,"href":"https:\/\/www.benvenutaitalia.com\/it\/wp-json\/wp\/v2\/media\/2131"}],"wp:attachment":[{"href":"https:\/\/www.benvenutaitalia.com\/it\/wp-json\/wp\/v2\/media?parent=1701"}],"wp:term":[{"taxonomy":"category","embeddable":true,"href":"https:\/\/www.benvenutaitalia.com\/it\/wp-json\/wp\/v2\/categories?post=1701"},{"taxonomy":"post_tag","embeddable":true,"href":"https:\/\/www.benvenutaitalia.com\/it\/wp-json\/wp\/v2\/tags?post=1701"}],"curies":[{"name":"wp","href":"https:\/\/api.w.org\/{rel}","templated":true}]}}